{"id":14741,"date":"2019-08-22T22:25:20","date_gmt":"2019-08-22T20:25:20","guid":{"rendered":"https:\/\/www.phelippotyves.fr\/site\/?p=14741"},"modified":"2019-08-22T22:25:20","modified_gmt":"2019-08-22T20:25:20","slug":"la-foret-est-morte","status":"publish","type":"post","link":"https:\/\/www.phelippotyves.fr\/site\/archives\/14741","title":{"rendered":"La for\u00eat est morte."},"content":{"rendered":"<p><a href=\"https:\/\/www.phelippotyves.fr\/site\/wp-content\/uploads\/YPH-2019-08-22-P1014177.jpg\"><img loading=\"lazy\" decoding=\"async\" class=\"alignnone size-medium wp-image-14742\" src=\"https:\/\/www.phelippotyves.fr\/site\/wp-content\/uploads\/YPH-2019-08-22-P1014177-464x700.jpg\" alt=\"\" width=\"464\" height=\"700\" srcset=\"https:\/\/www.phelippotyves.fr\/site\/wp-content\/uploads\/YPH-2019-08-22-P1014177-464x700.jpg 464w, https:\/\/www.phelippotyves.fr\/site\/wp-content\/uploads\/YPH-2019-08-22-P1014177-768x1159.jpg 768w, https:\/\/www.phelippotyves.fr\/site\/wp-content\/uploads\/YPH-2019-08-22-P1014177-795x1200.jpg 795w, https:\/\/www.phelippotyves.fr\/site\/wp-content\/uploads\/YPH-2019-08-22-P1014177-199x300.jpg 199w, https:\/\/www.phelippotyves.fr\/site\/wp-content\/uploads\/YPH-2019-08-22-P1014177.jpg 994w\" sizes=\"auto, (max-width: 464px) 100vw, 464px\" \/><\/a><\/p>\n<p>On dirait un cadavre&#8230;Elle a recul\u00e9 de plus de 300m en 30 ans , sans doute \u00e0 cause d&#8217;une gestion sans imagination de l&#8217;ONF qui s&#8217;est content\u00e9e de couper les arbres mena\u00e7ant de tomber.<\/p>\n","protected":false},"excerpt":{"rendered":"<p>On dirait un cadavre&#8230;Elle a recul\u00e9 de plus de 300m en 30 ans , sans doute \u00e0 cause d&#8217;une gestion sans imagination de l&#8217;ONF qui s&#8217;est content\u00e9e de couper les arbres mena\u00e7ant de tomber.<\/p>\n","protected":false},"author":8,"featured_media":0,"comment_status":"open","ping_status":"open","sticky":false,"template":"","format":"standard","meta":{"footnotes":""},"categories":[10,11],"tags":[],"class_list":["post-14741","post","type-post","status-publish","format-standard","hentry","category-mer","category-nature-et-paysage"],"_links":{"self":[{"href":"https:\/\/www.phelippotyves.fr\/site\/wp-json\/wp\/v2\/posts\/14741","targetHints":{"allow":["GET"]}}],"collection":[{"href":"https:\/\/www.phelippotyves.fr\/site\/wp-json\/wp\/v2\/posts"}],"about":[{"href":"https:\/\/www.phelippotyves.fr\/site\/wp-json\/wp\/v2\/types\/post"}],"author":[{"embeddable":true,"href":"https:\/\/www.phelippotyves.fr\/site\/wp-json\/wp\/v2\/users\/8"}],"replies":[{"embeddable":true,"href":"https:\/\/www.phelippotyves.fr\/site\/wp-json\/wp\/v2\/comments?post=14741"}],"version-history":[{"count":1,"href":"https:\/\/www.phelippotyves.fr\/site\/wp-json\/wp\/v2\/posts\/14741\/revisions"}],"predecessor-version":[{"id":14743,"href":"https:\/\/www.phelippotyves.fr\/site\/wp-json\/wp\/v2\/posts\/14741\/revisions\/14743"}],"wp:attachment":[{"href":"https:\/\/www.phelippotyves.fr\/site\/wp-json\/wp\/v2\/media?parent=14741"}],"wp:term":[{"taxonomy":"category","embeddable":true,"href":"https:\/\/www.phelippotyves.fr\/site\/wp-json\/wp\/v2\/categories?post=14741"},{"taxonomy":"post_tag","embeddable":true,"href":"https:\/\/www.phelippotyves.fr\/site\/wp-json\/wp\/v2\/tags?post=14741"}],"curies":[{"name":"wp","href":"https:\/\/api.w.org\/{rel}","templated":true}]}}